{"id":805,"date":"2020-03-05T16:19:22","date_gmt":"2020-03-05T16:19:22","guid":{"rendered":"https:\/\/dantepacha.net\/2020\/03\/05\/juliaca-seria-principal-foco-de-ingreso-de-corona-virus-a-nuestra-region\/"},"modified":"2020-03-05T16:19:22","modified_gmt":"2020-03-05T16:19:22","slug":"juliaca-seria-principal-foco-de-ingreso-de-corona-virus-a-nuestra-region","status":"publish","type":"post","link":"https:\/\/dantepacha.net\/detalles\/2020\/03\/05\/juliaca-seria-principal-foco-de-ingreso-de-corona-virus-a-nuestra-region\/","title":{"rendered":"Juliaca ser\u00eda  principal foco de ingreso de Corona virus a nuestra Regi\u00f3n"},"content":{"rendered":"<p><span style=\"color:rgb(41,41,41); font-family:serif; font-size:21px; font-style:normal; font-variant-ligatures:normal; font-variant-caps:normal; font-weight:100; letter-spacing:normal; orphans:2text-indent:0px; text-transform:none; white-space:normal; widows:2; word-spacing:0px; -webkit-text-stroke-width:0px; background-color:rgb(255,255,255); text-decoration-style:initial; text-decoration-color:initial; display:inline!important; float:none; text-align:left;\">El medico colegiado Ludwing Quinteros Frisancho, mencion\u00f3 que las autoridades regionales, de forma concertada con los diferentes sectores, deben de implementar acciones concretas en la ciudad de Juliaca, a fin de actuar de forma r\u00e1pida ante el ingreso del mortal coronavirus; puesto que la referida ciudad es la m\u00e1s propensa a presentar los primeros casos de este virus.<\/span><\/p>\n<p style=\"box-sizing: border-box; margin: 0px 0px 14.5px; color: rgb(41, 41, 41); font-family: serif; font-size: 21px; font-style: normal; font-variant-ligatures: normal; font-variant-caps: normal; font-weight: 100; letter-spacing: normal; orphans: 2; text-indent: 0px; text-transform: none; white-space: normal; widows: 2; word-spacing: 0px; -webkit-text-stroke-width: 0px; background-color: rgb(255, 255, 255); text-decoration-style: initial; text-decoration-color: initial; text-align: justify;\">Esta etapa hace referencia al periodo de incubaci\u00f3n y desarrollo de s\u00edntomas del virus, y una vez que se confirma la presencia del coronavirus en una persona, esta entra en la etapa de aislamiento, para evitar la propagaci\u00f3n del virus.<\/p>\n<p style=\"box-sizing: border-box; margin: 0px 0px 14.5px; color: rgb(41, 41, 41); font-family: serif; font-size: 21px; font-style: normal; font-variant-ligatures: normal; font-variant-caps: normal; font-weight: 100; letter-spacing: normal; orphans: 2; text-indent: 0px; text-transform: none; white-space: normal; widows: 2; word-spacing: 0px; -webkit-text-stroke-width: 0px; background-color: rgb(255, 255, 255); text-decoration-style: initial; text-decoration-color: initial; text-align: justify;\">Adem\u00e1s, indic\u00f3 que de un 100% de personas infectadas, el 80% pasar\u00e1 de forma leve a moderada; mientras que, el 12% se considerar\u00e1 de forma severa y el 8% restante, podr\u00edan fallecer. Destac\u00f3 que los m\u00e1s propensos a adquirir este mal son aquellas personas que tienen factores de riesgo, como hipertensi\u00f3n arterial, diabetes, colesterol elevado y adultos mayores.<\/p>\n<p style=\"box-sizing: border-box; margin: 0px 0px 14.5px; color: rgb(41, 41, 41); font-family: serif; font-size: 21px; font-style: normal; font-variant-ligatures: normal; font-variant-caps: normal; font-weight: 100; letter-spacing: normal; orphans: 2; text-indent: 0px; text-transform: none; white-space: normal; widows: 2; word-spacing: 0px; -webkit-text-stroke-width: 0px; background-color: rgb(255, 255, 255); text-decoration-style: initial; text-decoration-color: initial; text-align: justify;\">El medico tambi\u00e9n explic\u00f3 que, este virus incluso puede contagiar a m\u00e1s personas, aun cuando el portador o portadora no haya desarrollado todos los s\u00edntomas, por lo que recomend\u00f3 a tomar las previsiones del caso, como el lavado de manos y tener una buena higiene respiratoria, vale decir, toser en un pa\u00f1uelo o antebrazo.<\/p>\n<p style=\"box-sizing: border-box; margin: 0px 0px 14.5px; color: rgb(41, 41, 41); font-family: serif; font-size: 21px; font-style: normal; font-variant-ligatures: normal; font-variant-caps: normal; font-weight: 100; letter-spacing: normal; orphans: 2; text-indent: 0px; text-transform: none; white-space: normal; widows: 2; word-spacing: 0px; -webkit-text-stroke-width: 0px; background-color: rgb(255, 255, 255); text-decoration-style: initial; text-decoration-color: initial; text-align: justify;\">Por su parte, el decano del Colegio de M\u00e9dicos del Per\u00fa \u2013 Consejo Regional Puno, Vidmar Mengoa Herrera, mencion\u00f3 que, al estar en una regi\u00f3n fronteriza, es muy probable el ingreso del coronavirus; por lo tanto, se debe tener en cuenta la capacidad resolutiva de los diferentes hospitales.<\/p>\n<p style=\"box-sizing: border-box; margin: 0px 0px 14.5px; color: rgb(41, 41, 41); font-family: serif; font-size: 21px; font-style: normal; font-variant-ligatures: normal; font-variant-caps: normal; font-weight: 100; letter-spacing: normal; orphans: 2; text-indent: 0px; text-transform: none; white-space: normal; widows: 2; word-spacing: 0px; -webkit-text-stroke-width: 0px; background-color: rgb(255, 255, 255); text-decoration-style: initial; text-decoration-color: initial; text-align: justify;\">Exhort\u00f3 a la gerencia regional de Desarrollo Social del Gobierno Regional de Puno, a implementar un plan de contingencia, a fin de afrontar este mal, \u201cse debe trabajar de forma articulada con los colegios profesionales involucrados en el tema de salud, con el MINSA, gobierno regional y otras instancias, a fin de enfrentar esta epidemia\u201d, afirm\u00f3 el especialista.<\/p>\n<!-- AddThis Advanced Settings generic via filter on the_content --><!-- AddThis Share Buttons generic via filter on the_content -->","protected":false},"excerpt":{"rendered":"<p>El medico colegiado Ludwing Quinteros Frisancho, mencion\u00f3 que las autoridades regionales, de forma concertada con los diferentes sectores, deben de implementar acciones concretas en la ciudad de Juliaca, a fin de actuar de forma r\u00e1pida ante el ingreso del mortal coronavirus; puesto que la referida ciudad es la m\u00e1s propensa a presentar los primeros casos&hellip;&nbsp;<a href=\"https:\/\/dantepacha.net\/detalles\/2020\/03\/05\/juliaca-seria-principal-foco-de-ingreso-de-corona-virus-a-nuestra-region\/\" class=\"\" rel=\"bookmark\">Read More &raquo;<span class=\"screen-reader-text\">Juliaca ser\u00eda  principal foco de ingreso de Corona virus a nuestra Regi\u00f3n<\/span><\/a><!-- AddThis Advanced Settings generic via filter on get_the_excerpt --><!-- AddThis Share Buttons generic via filter on get_the_excerpt --><\/p>\n","protected":false},"author":1,"featured_media":804,"comment_status":"open","ping_status":"open","sticky":false,"template":"","format":"standard","meta":[],"categories":[1],"tags":[],"jetpack_featured_media_url":"https:\/\/dantepacha.net\/detalles\/wp-content\/uploads\/2020\/03\/images-2020-03-05T112118.274.jpeg","_links":{"self":[{"href":"https:\/\/dantepacha.net\/detalles\/wp-json\/wp\/v2\/posts\/805"}],"collection":[{"href":"https:\/\/dantepacha.net\/detalles\/wp-json\/wp\/v2\/posts"}],"about":[{"href":"https:\/\/dantepacha.net\/detalles\/wp-json\/wp\/v2\/types\/post"}],"author":[{"embeddable":true,"href":"https:\/\/dantepacha.net\/detalles\/wp-json\/wp\/v2\/users\/1"}],"replies":[{"embeddable":true,"href":"https:\/\/dantepacha.net\/detalles\/wp-json\/wp\/v2\/comments?post=805"}],"version-history":[{"count":0,"href":"https:\/\/dantepacha.net\/detalles\/wp-json\/wp\/v2\/posts\/805\/revisions"}],"wp:featuredmedia":[{"embeddable":true,"href":"https:\/\/dantepacha.net\/detalles\/wp-json\/wp\/v2\/media\/804"}],"wp:attachment":[{"href":"https:\/\/dantepacha.net\/detalles\/wp-json\/wp\/v2\/media?parent=805"}],"wp:term":[{"taxonomy":"category","embeddable":true,"href":"https:\/\/dantepacha.net\/detalles\/wp-json\/wp\/v2\/categories?post=805"},{"taxonomy":"post_tag","embeddable":true,"href":"https:\/\/dantepacha.net\/detalles\/wp-json\/wp\/v2\/tags?post=805"}],"curies":[{"name":"wp","href":"https:\/\/api.w.org\/{rel}","templated":true}]}}