{"id":807,"date":"2020-03-05T17:32:45","date_gmt":"2020-03-05T17:32:45","guid":{"rendered":"https:\/\/dantepacha.net\/2020\/03\/05\/salud-mental\/"},"modified":"2020-03-05T17:32:45","modified_gmt":"2020-03-05T17:32:45","slug":"salud-mental","status":"publish","type":"post","link":"https:\/\/dantepacha.net\/detalles\/2020\/03\/05\/salud-mental\/","title":{"rendered":"Gobierno reglamenta ley de salud mental y crea consejo conformado por diez ministerios para prevenir problemas psicol\u00f3gicos"},"content":{"rendered":"<p>Redacci\u00f3n EC<\/p>\n<p>Este a\u00f1o se invertir\u00e1 S\/70 millones para este rubro. Sin embargo, se necesitan S\/1.000 millones para garantizar la atenci\u00f3n de todos los peruanos<\/p>\n<p>Frente a esta realidad, que guardar\u00eda relaci\u00f3n con la violencia que se reporta a diario, la Presidencia del Consejo de Ministros (PCM) aprob\u00f3 ayer (04 de marzo del 2020) el reglamento de la Ley de Salud Mental (30947), promulgada en mayo del 2019, as\u00ed como la creaci\u00f3n del Consejo Nacional de Salud Mental.<\/p>\n<p><strong>En detalle.<\/strong><\/p>\n<p>La medida fue anunciada por el titular de la PCM, Vicente Zeballos; y por la ministra de Salud, Elizabeth Hinostroza. La reglamentaci\u00f3n de la Ley de Salud Mental ser\u00e1 complementada con la inauguraci\u00f3n de otros 50 centros de salud mental comunitarios y 35 hogares protegidos para la atenci\u00f3n de pacientes en diversas regiones.<\/p>\n<p>Estar\u00e1 integrado por las carteras de Educaci\u00f3n, Trabajo, Interior, Defensa, Cultura, Ambiente, Justicia, Mujer y Desarrollo e Inclusi\u00f3n Social. El Minsa se encargar\u00e1 de la supervisi\u00f3n y rector\u00eda.<\/p>\n<p>Entre las acciones que podr\u00e1 realizar figuran proponer planes y proyectos para el cuidado de la salud mental de la poblaci\u00f3n, el seguimiento y fiscalizaci\u00f3n al cumplimiento de la pol\u00edtica de salud mental, la elaboraci\u00f3n de informes t\u00e9cnicos, as\u00ed como la promoci\u00f3n de acuerdos de cooperaci\u00f3n intersectorial e intergubernamental para este fin.<\/p>\n<p>\u201cLa salud mental se constituye como un recurso para el desarrollo humano y, como tal, implica abordarla desde distintos \u00e1ngulos, m\u00e1s all\u00e1 del netamente sanitario\u201d, se\u00f1al\u00f3 el ministerio a este Diario.<\/p>\n<p><strong>Tema de fondo<\/strong><\/p>\n<p>El director ejecutivo de Salud Mental del Minsa, Yuri Cutip\u00e9, se\u00f1al\u00f3 a El Comercio que los mayores esfuerzos que realiza el sector frente a males de este tipo son de corte preventivo o recuperativo en todo el pa\u00eds. Para ello inform\u00f3 que su sector espera cerrar el a\u00f1o con 202 centros comunitarios de salud (incluidos los 50 anunciados por la PCM), as\u00ed como implementar 10 unidades de hospitalizaci\u00f3n en nosocomios regionales.<\/p>\n<p>Sin embargo, el problema principal de la salud mental tambi\u00e9n pasa por la falta de presupuesto. Si bien se cuenta con S\/70 millones, Cutip\u00e9 resalt\u00f3 que, para cubrir de manera eficiente a la poblaci\u00f3n, se necesitan unos S\/1.000 millones.<\/p>\n<p>\u201cEso es lo que cuesta la salud mental si queremos beneficiar a los 32 millones de habitantes. En el pa\u00eds se manejan S\/18 mil millones. Con mil millones, estar\u00edamos llegando al 6% del presupuesto del Minsa\u201d, a\u00f1adi\u00f3.<\/p>\n<p><strong>Punto de vista<\/strong><\/p>\n<p>\u201cResultar\u00e1 si se trabaja de manera articulada\u201d. Por \u00d3scar Ugarte, exministro de Salud.<\/p>\n<p>La propuesta para la creaci\u00f3n del Consejo Nacional de Salud Mental tendr\u00e1 los resultados esperados en la sociedad siempre y cuando se efect\u00fae de manera articulada.<\/p>\n<p>Lo que se debe evitar a toda costa es que este consejo se organice al margen del resto de pol\u00edticas de salud existentes en el pa\u00eds.<\/p>\n<p>Siempre existe el riesgo de que, cuando hay un tema muy especializado, se desvincule de las pol\u00edticas generales, como el aseguramiento universal de la salud, la ley de medicamentos y las otras propuestas que ya se vienen implementando.<\/p>\n<p>La nueva propuesta pone el tema de la salud mental en la comunidad y ya no como exclusividad de los consultorios u hospitales psiqui\u00e1tricos. Ahora participar\u00e1n trabajadores sociales, enfermeras, rehabilitadores&#8230; Ser\u00e1 un asunto integral.<\/p>\n<p><strong>\u00bfCu\u00e1les son las se\u00f1ales para detectar una conducta violenta en los adolescentes?<\/strong><\/p>\n<p>1.- Cada caso es particular pero se puede advertir conductas de riesgo.<\/p>\n<p>Un menor de 15 a\u00f1os es el sospechoso del crimen de una menor de 4 a\u00f1os \u00bfC\u00f3mo un adolescente puede convertirse en criminal? Seg\u00fan Rub\u00e9n Verde C\u00e9spedes, especialista del Ministerio de la Mujer (MIMP), los padres deben estar atentos a algunas conductas de riesgo para orientar a sus hijos y evitar desenlaces tr\u00e1gicos.<\/p>\n<p>2.- Una caracter\u00edstica es que no manejan bien sus impulsos.<\/p>\n<p>Elmer Salas, psic\u00f3logo forense del Instituto de Medicina Legal del Ministerio P\u00fablico, dice que una caracter\u00edstica de estos menores ser\u00eda el mal control de sus impulsos. \u201cNo han aprendido sobre la censura; eso que nos permite convivir con l\u00edmites. As\u00ed aparecen los peque\u00f1os delincuentes, agresores sexuales, sicarios y asaltantes\u201d, se\u00f1ala.<\/p>\n<p>3.- Problemas con la familia pueden potenciar la violencia<\/p>\n<p>Salas indica que estos menores suelen provenir de familias disfuncionales o castrantes. Guillermo Cruz, coordinador de la fundaci\u00f3n Ayuda a Ni\u00f1os y Adolescentes en Riesgo, agrega: \u201cTienen un historial antisocial que no es gratuito, que ha venido acumul\u00e1ndose. Es posible que hayan sido expuestos a situaciones dolorosas desde la ni\u00f1ez\u201d.<\/p>\n<p>4.- Otros factores y d\u00f3nde se puede obtener ayuda<\/p>\n<p>Hay que estar atentos si el menor se suele aislar, se retrae, evita pasar tiempo con amigos o la familia, si se altera su sue\u00f1o, consume drogas o agrede a sus compa\u00f1eros. En casos graves se puede acudir a los centros de salud mental comunitarios del Ministerio de Salud. Tambi\u00e9n se puede llamar a la l\u00ednea gratuita 1810 del MIMP.<\/p>\n<!-- AddThis Advanced Settings generic via filter on the_content --><!-- AddThis Share Buttons generic via filter on the_content -->","protected":false},"excerpt":{"rendered":"<p>Redacci\u00f3n EC Este a\u00f1o se invertir\u00e1 S\/70 millones para este rubro. Sin embargo, se necesitan S\/1.000 millones para garantizar la atenci\u00f3n de todos los peruanos Frente a esta realidad, que guardar\u00eda relaci\u00f3n con la violencia que se reporta a diario, la Presidencia del Consejo de Ministros (PCM) aprob\u00f3 ayer (04 de marzo del 2020) el&hellip;&nbsp;<a href=\"https:\/\/dantepacha.net\/detalles\/2020\/03\/05\/salud-mental\/\" class=\"\" rel=\"bookmark\">Read More &raquo;<span class=\"screen-reader-text\">Gobierno reglamenta ley de salud mental y crea consejo conformado por diez ministerios para prevenir problemas psicol\u00f3gicos<\/span><\/a><!-- AddThis Advanced Settings generic via filter on get_the_excerpt --><!-- AddThis Share Buttons generic via filter on get_the_excerpt --><\/p>\n","protected":false},"author":1,"featured_media":806,"comment_status":"open","ping_status":"open","sticky":false,"template":"","format":"standard","meta":[],"categories":[1],"tags":[],"jetpack_featured_media_url":"https:\/\/dantepacha.net\/detalles\/wp-content\/uploads\/2020\/03\/images-2020-03-05T122314.538.jpeg","_links":{"self":[{"href":"https:\/\/dantepacha.net\/detalles\/wp-json\/wp\/v2\/posts\/807"}],"collection":[{"href":"https:\/\/dantepacha.net\/detalles\/wp-json\/wp\/v2\/posts"}],"about":[{"href":"https:\/\/dantepacha.net\/detalles\/wp-json\/wp\/v2\/types\/post"}],"author":[{"embeddable":true,"href":"https:\/\/dantepacha.net\/detalles\/wp-json\/wp\/v2\/users\/1"}],"replies":[{"embeddable":true,"href":"https:\/\/dantepacha.net\/detalles\/wp-json\/wp\/v2\/comments?post=807"}],"version-history":[{"count":0,"href":"https:\/\/dantepacha.net\/detalles\/wp-json\/wp\/v2\/posts\/807\/revisions"}],"wp:featuredmedia":[{"embeddable":true,"href":"https:\/\/dantepacha.net\/detalles\/wp-json\/wp\/v2\/media\/806"}],"wp:attachment":[{"href":"https:\/\/dantepacha.net\/detalles\/wp-json\/wp\/v2\/media?parent=807"}],"wp:term":[{"taxonomy":"category","embeddable":true,"href":"https:\/\/dantepacha.net\/detalles\/wp-json\/wp\/v2\/categories?post=807"},{"taxonomy":"post_tag","embeddable":true,"href":"https:\/\/dantepacha.net\/detalles\/wp-json\/wp\/v2\/tags?post=807"}],"curies":[{"name":"wp","href":"https:\/\/api.w.org\/{rel}","templated":true}]}}