{"id":952,"date":"2020-05-05T04:19:53","date_gmt":"2020-05-05T04:19:53","guid":{"rendered":"https:\/\/dantepacha.net\/2020\/05\/05\/nacional-minedu-evalua-el-inicio-de-clases-presenciales-en-zonas-rurales-del-pais\/"},"modified":"2020-05-06T00:31:30","modified_gmt":"2020-05-06T00:31:30","slug":"nacional-minedu-evalua-el-inicio-de-clases-presenciales-en-zonas-rurales-del-pais","status":"publish","type":"post","link":"https:\/\/dantepacha.net\/detalles\/2020\/05\/05\/nacional-minedu-evalua-el-inicio-de-clases-presenciales-en-zonas-rurales-del-pais\/","title":{"rendered":"Nacional | MINEDU EVAL\u00daA EL INICIO DE CLASES PRESENCIALES EN ZONAS RURALES DEL PA\u00cdS"},"content":{"rendered":"\n<h1 class=\"wp-block-heading\">Mart\u00edn Benavides apunt\u00f3 que evaluar\u00e1n la posibilidad de iniciar clases presenciales siguiendo protocolos y solo en algunas zonas del pa\u00eds. \u201cHay elementos para evaluar esta posibilidad m\u00e1s adelante\u201d, expres\u00f3.<\/h1>\n\n\n\n<p>El ministro de Educaci\u00f3n, Mart\u00edn Benavides, destac\u00f3 la posibilidad de iniciar este 2020 las clases presenciales de manera gradual en algunas zonas rurales del pa\u00eds. Sin embargo, indic\u00f3 que se podr\u00eda realizar siguiendo estrictos protocolos y cumpliendo las \u00f3rdenes de distanciamiento social.<\/p>\n\n\n\n<p>\u201cLa primera fase de reactivaci\u00f3n no es una incorporaci\u00f3n completa. Estamos mirando como Ministerio de Educaci\u00f3n de que hayan zonas en donde se pueda iniciar. Estamos preparando protocolos indicados, as\u00ed decidiremos\u201c, expres\u00f3 en Ampliaci\u00f3n de Noticias.<\/p>\n\n\n\n<p>Mientras se eval\u00faa esta posibilidad de las clases presenciales, el ministro indic\u00f3 que esta semana concluy\u00f3 con la repartici\u00f3n de tablets a nivel nacional para las clases y que, asimismo, se empezar\u00e1 a supervisar la metodolog\u00eda de las clases remotas.<\/p>\n\n\n\n<html><script async src=\"https:\/\/pagead2.googlesyndication.com\/pagead\/js\/adsbygoogle.js\"><\/script>\n<ins class=\"adsbygoogle\"\n     style=\"display:block; text-align:center;\"\n     data-ad-layout=\"in-article\"\n     data-ad-format=\"fluid\"\n     data-ad-client=\"ca-pub-1356591510279979\"\n     data-ad-slot=\"7356445065\"><\/ins>\n<script>\n     (adsbygoogle = window.adsbygoogle || []).push({});\n<\/script> <\/html>\n\n\n\n<p>\u201cEstamos iniciando esta semana de manera intensiva un proceso de supervisi\u00f3n de cumplimiento de presentaci\u00f3n de estos planes y al mismo tiempo de sus caracter\u00edsticas\u201d, expres\u00f3 el ministro, que coment\u00f3 que estas ser\u00e1n tanto en el sector privada como estatal.<\/p>\n\n\n\n<p>Al ser consultado sobre los cuestionamientos hacia la metodolog\u00eda que se est\u00e1 aplicando en el sistema \u2018Aprendo en casa\u2018, Benavides precis\u00f3 que se aumentar\u00e1n las horas de acuerdo a los niveles de inicial, primario y secundiario.<\/p>\n\n\n\n<p>\u201cCada d\u00eda que pasa tiene nuevos contenidos. Estamos ampliando la cobertura incorporando dos horas y media m\u00e1s. Estamos pasando una hora para los niveles de inicial, dos horas en primaria y cuatro horas divididas en dos para el sector secundario\u201d, coment\u00f3.<\/p>\n\n\n\n<p>Fuente: RPP Noticias<\/p>\n<!-- AddThis Advanced Settings generic via filter on the_content --><!-- AddThis Share Buttons generic via filter on the_content -->","protected":false},"excerpt":{"rendered":"<p>Mart\u00edn Benavides apunt\u00f3 que evaluar\u00e1n la posibilidad de iniciar clases presenciales siguiendo protocolos y solo en algunas zonas del pa\u00eds. \u201cHay elementos para evaluar esta posibilidad m\u00e1s adelante\u201d, expres\u00f3. El ministro de Educaci\u00f3n, Mart\u00edn Benavides, destac\u00f3 la posibilidad de iniciar este 2020 las clases presenciales de manera gradual en algunas zonas rurales del pa\u00eds. Sin&hellip;&nbsp;<a href=\"https:\/\/dantepacha.net\/detalles\/2020\/05\/05\/nacional-minedu-evalua-el-inicio-de-clases-presenciales-en-zonas-rurales-del-pais\/\" class=\"\" rel=\"bookmark\">Read More &raquo;<span class=\"screen-reader-text\">Nacional | MINEDU EVAL\u00daA EL INICIO DE CLASES PRESENCIALES EN ZONAS RURALES DEL PA\u00cdS<\/span><\/a><!-- AddThis Advanced Settings generic via filter on get_the_excerpt --><!-- AddThis Share Buttons generic via filter on get_the_excerpt --><\/p>\n","protected":false},"author":1,"featured_media":951,"comment_status":"open","ping_status":"open","sticky":false,"template":"","format":"standard","meta":[],"categories":[1],"tags":[],"jetpack_featured_media_url":"https:\/\/dantepacha.net\/detalles\/wp-content\/uploads\/2020\/05\/FB_IMG_1588652456572.jpg","_links":{"self":[{"href":"https:\/\/dantepacha.net\/detalles\/wp-json\/wp\/v2\/posts\/952"}],"collection":[{"href":"https:\/\/dantepacha.net\/detalles\/wp-json\/wp\/v2\/posts"}],"about":[{"href":"https:\/\/dantepacha.net\/detalles\/wp-json\/wp\/v2\/types\/post"}],"author":[{"embeddable":true,"href":"https:\/\/dantepacha.net\/detalles\/wp-json\/wp\/v2\/users\/1"}],"replies":[{"embeddable":true,"href":"https:\/\/dantepacha.net\/detalles\/wp-json\/wp\/v2\/comments?post=952"}],"version-history":[{"count":2,"href":"https:\/\/dantepacha.net\/detalles\/wp-json\/wp\/v2\/posts\/952\/revisions"}],"predecessor-version":[{"id":955,"href":"https:\/\/dantepacha.net\/detalles\/wp-json\/wp\/v2\/posts\/952\/revisions\/955"}],"wp:featuredmedia":[{"embeddable":true,"href":"https:\/\/dantepacha.net\/detalles\/wp-json\/wp\/v2\/media\/951"}],"wp:attachment":[{"href":"https:\/\/dantepacha.net\/detalles\/wp-json\/wp\/v2\/media?parent=952"}],"wp:term":[{"taxonomy":"category","embeddable":true,"href":"https:\/\/dantepacha.net\/detalles\/wp-json\/wp\/v2\/categories?post=952"},{"taxonomy":"post_tag","embeddable":true,"href":"https:\/\/dantepacha.net\/detalles\/wp-json\/wp\/v2\/tags?post=952"}],"curies":[{"name":"wp","href":"https:\/\/api.w.org\/{rel}","templated":true}]}}